{"id":184,"date":"2010-12-27T01:36:58","date_gmt":"2010-12-26T23:36:58","guid":{"rendered":"http:\/\/localhost\/lourdes2010\/?p=184"},"modified":"2024-01-31T09:43:16","modified_gmt":"2024-01-31T07:43:16","slug":"lourdes-familles","status":"publish","type":"post","link":"https:\/\/www.amisdelourdes.be\/?p=184","title":{"rendered":"Lourdes Familles"},"content":{"rendered":"<p><strong>Une exp\u00e9rience familiale unique<\/strong> !<\/p>\n<p><a href=\"http:\/\/www.amisdelourdes.be\/wp-content\/uploads\/2010\/12\/vierge.jpg\"><img loading=\"lazy\" decoding=\"async\" class=\"alignleft size-medium wp-image-161\" title=\"vierge\" src=\"http:\/\/www.amisdelourdes.be\/wp-content\/uploads\/2010\/12\/vierge-300x199.jpg\" alt=\"\" width=\"300\" height=\"199\" srcset=\"https:\/\/www.amisdelourdes.be\/wp-content\/uploads\/2010\/12\/vierge-300x199.jpg 300w, https:\/\/www.amisdelourdes.be\/wp-content\/uploads\/2010\/12\/vierge.jpg 446w\" sizes=\"(max-width: 300px) 100vw, 300px\" \/><\/a><\/p>\n<p><em>Ambiance familiale et conviviale<\/em><\/p>\n<p>Maison communautaire dans un endroit unique.<\/p>\n<p>Partage des diff\u00e9rents services<\/p>\n<p>Repas pr\u00e9par\u00e9s et partag\u00e9s avec enthousiasme<\/p>\n<p><em>Repos assur\u00e9 dans un cadre enchanteur<\/em><\/p>\n<p>Un temps de service et d\u2019accompagnement des p\u00e8lerins valides et moins  valides avec le dioc\u00e8se de Tournai, autant de sourires \u00e0 offrir pour  servir les p\u00e8lerins \u00e0 Lourdes<\/p>\n<p><strong>Que du bonheur\u00a0!<\/strong><\/p>\n<p><span style=\"text-decoration: underline;\">Informations pratiques<\/span> :<\/p>\n<p><a href=\"http:\/\/www.amisdelourdes.be\/wp-content\/uploads\/2010\/12\/groupe.jpg\"><img loading=\"lazy\" decoding=\"async\" class=\"alignleft size-medium wp-image-162\" title=\"groupe\" src=\"http:\/\/www.amisdelourdes.be\/wp-content\/uploads\/2010\/12\/groupe-300x199.jpg\" alt=\"\" width=\"300\" height=\"199\" srcset=\"https:\/\/www.amisdelourdes.be\/wp-content\/uploads\/2010\/12\/groupe-300x199.jpg 300w, https:\/\/www.amisdelourdes.be\/wp-content\/uploads\/2010\/12\/groupe.jpg 446w\" sizes=\"(max-width: 300px) 100vw, 300px\" \/><\/a><\/p>\n<p>Voyage aller-retour organis\u00e9 par vos soins. Plusieurs possibilit\u00e9s vous sont offertes\u00a0:<\/p>\n<p><strong>1.<\/strong> <span style=\"text-decoration: underline;\">Vous prenez le d\u00e9part avec nous, le<\/span><strong> <\/strong><em>16 juillet pour <\/em>l\u2019abbaye d\u2019Echourgnac.<\/p>\n<p><strong>.<\/strong><\/p>\n<p>2<strong>.<\/strong> Nous nous retrouvons \u00ab\u00a0 tous\u00a0\u00bb \u00e0 Lourdes le <span style=\"text-decoration: underline;\">19 juillet<\/span> \u00e0 16 heures.<\/p>\n<p>* Temps d\u2019accueil et de connaissance r\u00e9ciproque<\/p>\n<p>* Temps de service aux personnes du 20 au 26 juillet.<\/p>\n<p>* Temps de d\u00e9tente le 27 juillet.<\/p>\n<p><strong><em>D\u00e9part de Lourdes <span style=\"text-decoration: underline;\">le 28 juillet<\/span><\/em><\/strong><\/p>\n<p><strong><em><span style=\"text-decoration: underline;\">prix:<\/span><\/em><\/strong><\/p>\n<p><strong><em>Le pr\u00e9-camp\u00a0 \u00e0 l&rsquo;Abbaye (par jour) adultes : 2O euros\u00a0\u00a0\u00a0 &#8211;\u00a0\u00a0 enfants : 15 euros<\/em><\/strong><\/p>\n<p><strong><em>A Lourdes (par jour) adultes : 25 euros\u00a0 &#8211; enfants 17 euros<\/em><\/strong><\/p>\n<p>Si cette proposition de vacances en famille vous interpelle pour  cette ann\u00e9e 2010 ne tardez pas \u00e0 vous faire connaitre au plus t\u00f4t.<\/p>\n<p>N\u2019h\u00e9sitez pas \u00e0 ouvrir cette proposition aux \u00a0familles de votre entourage m\u00eame si elles n\u2019ont pas connu Lourdes.<\/p>\n<p>En aucun cas le prix du s\u00e9jour ne sera un obstacle \u00e0 la participation d\u2019une famille.<br \/>\nNous aidons dans la plus grande discr\u00e9tion ceux et celles qui en manifesteraient le d\u00e9sir.<br \/>\nEncore faut-il se faire conna\u00eetre avant le s\u00e9jour.<\/p>\n<p><strong>Adresse et contact\u00a0:<\/strong><\/p>\n<p><strong>P\u00e8re Joseph Toussaint<br \/>\nrue des Wallons, 59<br \/>\nB-4000 Li\u00e8ge<br \/>\nGSM\u00a0: 0472\/270860<\/strong><\/p>\n<p><strong>Email\u00a0: <a href=\"mailto:josephtoussaint@hotmail.com\">josephtoussaint@hotmail.com<\/a><\/strong><\/p>\n<p><a href=\"http:\/\/www.amisdelourdes.be\/wp-content\/uploads\/2010\/12\/image1.jpg\"><img loading=\"lazy\" decoding=\"async\" class=\"alignleft size-medium wp-image-231\" title=\"image1\" src=\"http:\/\/www.amisdelourdes.be\/wp-content\/uploads\/2010\/12\/image1-300x199.jpg\" alt=\"\" width=\"300\" height=\"199\" srcset=\"https:\/\/www.amisdelourdes.be\/wp-content\/uploads\/2010\/12\/image1-300x199.jpg 300w, https:\/\/www.amisdelourdes.be\/wp-content\/uploads\/2010\/12\/image1.jpg 704w\" sizes=\"(max-width: 300px) 100vw, 300px\" \/><\/a><\/p>\n<p><em><a href=\"http:\/\/www.amisdelourdes.be\/wp-content\/uploads\/2010\/12\/image2.jpg\"><img loading=\"lazy\" decoding=\"async\" class=\"size-medium wp-image-232 alignright\" title=\"image2\" src=\"http:\/\/www.amisdelourdes.be\/wp-content\/uploads\/2010\/12\/image2-300x199.jpg\" alt=\"\" width=\"300\" height=\"199\" srcset=\"https:\/\/www.amisdelourdes.be\/wp-content\/uploads\/2010\/12\/image2-300x199.jpg 300w, https:\/\/www.amisdelourdes.be\/wp-content\/uploads\/2010\/12\/image2.jpg 704w\" sizes=\"(max-width: 300px) 100vw, 300px\" \/><\/a><\/em><\/p>\n<p><em><br \/>\n<\/em><\/p>\n","protected":false},"excerpt":{"rendered":"<p>Une exp\u00e9rience familiale unique ! Ambiance familiale et conviviale Maison communautaire dans un endroit unique. Partage des diff\u00e9rents services Repas pr\u00e9par\u00e9s et partag\u00e9s avec enthousiasme Repos assur\u00e9 dans un cadre enchanteur Un temps de service et d\u2019accompagnement des p\u00e8lerins valides &hellip; <a href=\"https:\/\/www.amisdelourdes.be\/?p=184\">Continuer la lecture <span class=\"meta-nav\">&rarr;<\/span><\/a><\/p>\n","protected":false},"author":1,"featured_media":0,"comment_status":"closed","ping_status":"closed","sticky":false,"template":"","format":"standard","meta":{"ngg_post_thumbnail":0,"footnotes":""},"categories":[42,39],"tags":[],"_links":{"self":[{"href":"https:\/\/www.amisdelourdes.be\/index.php?rest_route=\/wp\/v2\/posts\/184"}],"collection":[{"href":"https:\/\/www.amisdelourdes.be\/index.php?rest_route=\/wp\/v2\/posts"}],"about":[{"href":"https:\/\/www.amisdelourdes.be\/index.php?rest_route=\/wp\/v2\/types\/post"}],"author":[{"embeddable":true,"href":"https:\/\/www.amisdelourdes.be\/index.php?rest_route=\/wp\/v2\/users\/1"}],"replies":[{"embeddable":true,"href":"https:\/\/www.amisdelourdes.be\/index.php?rest_route=%2Fwp%2Fv2%2Fcomments&post=184"}],"version-history":[{"count":17,"href":"https:\/\/www.amisdelourdes.be\/index.php?rest_route=\/wp\/v2\/posts\/184\/revisions"}],"predecessor-version":[{"id":325,"href":"https:\/\/www.amisdelourdes.be\/index.php?rest_route=\/wp\/v2\/posts\/184\/revisions\/325"}],"wp:attachment":[{"href":"https:\/\/www.amisdelourdes.be\/index.php?rest_route=%2Fwp%2Fv2%2Fmedia&parent=184"}],"wp:term":[{"taxonomy":"category","embeddable":true,"href":"https:\/\/www.amisdelourdes.be\/index.php?rest_route=%2Fwp%2Fv2%2Fcategories&post=184"},{"taxonomy":"post_tag","embeddable":true,"href":"https:\/\/www.amisdelourdes.be\/index.php?rest_route=%2Fwp%2Fv2%2Ftags&post=184"}],"curies":[{"name":"wp","href":"https:\/\/api.w.org\/{rel}","templated":true}]}}